{"id":9138,"date":"2022-06-03T23:31:41","date_gmt":"2022-06-03T21:31:41","guid":{"rendered":"https:\/\/www.pierrefeuilleciseaux.com\/?p=9138"},"modified":"2022-06-14T09:12:41","modified_gmt":"2022-06-14T07:12:41","slug":"un-ete-a-faire-des-fanzines-le-retour","status":"publish","type":"post","link":"https:\/\/www.pierrefeuilleciseaux.com\/en\/un-ete-a-faire-des-fanzines-le-retour\/","title":{"rendered":"Un \u00e9t\u00e9 \u00e0 faire des fanzines &#8211; le retour !"},"content":{"rendered":"\n<p>L&#8217;\u00e9t\u00e9 dernier, dans le cadre de de <strong>L&#8217;\u00e9t\u00e9 Culturel 2021<\/strong> (\u00e0 l&#8217;initiative du Minist\u00e8re de la Culture) et avec le soutien de la Direction R\u00e9gionale des Affaires Culturelles de Bourgogne-Franche-Comt\u00e9, <a rel=\"noreferrer noopener\" href=\"https:\/\/www.grandbesancon.fr\/infos-pratiques\/culture\/bibliotheque\/\" target=\"_blank\">la m\u00e9diath\u00e8que Pierre de Coubertin<\/a> (la bib&#8217; de Montrapon, comme on dit dans le coin) nous avait gentiment ouvert ses portes afin de proposer des ateliers fanzine hebdomadaires, ouvert \u00e0 toutes et \u00e0 tous.<\/p>\n\n\n\n<p>On avait invit\u00e9 des copines autrices et des copains auteurs des environs, qui pr\u00e9f\u00e9raient comme nous dessiner sur des feuilles puis les agrafer ensemble plut\u00f4t que d&#8217;aller boire des orangeades \u00e0 La Grande Motte : les habitu\u00e9.e.s de la m\u00e9diath\u00e8que avaient jou\u00e9 le jeu, \u00e7a avait donn\u00e9 de chouettes petits moments.<\/p>\n\n\n\n<p>ET BIEN : <strong>JOIE !<\/strong> &#x1f973; On remet \u00e7a cette ann\u00e9e !<br>Cette fois, ce sera <span style=\"text-decoration: underline;\">le mercredi de 14h \u00e0 17h30,<\/span> \u00e7a commence le 29 juin pour se terminer le 31 ao\u00fbt 2022, on se r\u00e9unit \u00e0 une grosse douzaine maxi (r\u00e9servation obligatoire, de fait&#8230;) et \u00e0 la fin de journ\u00e9e, tout le monde repart avec un fanzine collectif.<\/p>\n\n\n\n<p><\/p>\n\n\n\n<figure class=\"wp-block-image size-full is-resized\"><a href=\"https:\/\/www.pierrefeuilleciseaux.com\/wp-content\/uploads\/2022\/06\/e\u0301te\u0301-culturel-2022-Besanc\u0327on-montrapon-affichette-WEB.jpg\"><img loading=\"lazy\" decoding=\"async\" src=\"https:\/\/www.pierrefeuilleciseaux.com\/wp-content\/uploads\/2022\/06\/e\u0301te\u0301-culturel-2022-Besanc\u0327on-montrapon-affichette-WEB.jpg\" alt=\"\" class=\"wp-image-9163\" width=\"768\" height=\"1086\" srcset=\"https:\/\/www.pierrefeuilleciseaux.com\/wp-content\/uploads\/2022\/06\/e\u0301te\u0301-culturel-2022-Besanc\u0327on-montrapon-affichette-WEB.jpg 595w, https:\/\/www.pierrefeuilleciseaux.com\/wp-content\/uploads\/2022\/06\/e\u0301te\u0301-culturel-2022-Besanc\u0327on-montrapon-affichette-WEB-212x300.jpg 212w\" sizes=\"auto, (max-width: 768px) 100vw, 768px\" \/><\/a><\/figure>\n\n\n\n<p><br><strong>En quoi \u00e7a consiste ?<\/strong><br>Il s&#8217;agit d&#8217;ateliers fanzines de bande dessin\u00e9e : on se retrouve pour tout un apr\u00e8s-midi, \u00e0 la bib de Montra&#8230; \u00e0 la M\u00e9diath\u00e8que Pierre de Coubertin, \u00e0 une douzaine de participant.e.s environ. Ensemble, on cause, \u00e9crit, on dessine, on photocopie, on assemble et on repart chacun.e avec quelques exemplaires de notre petite fanzine collectif. <br>Au passage, on d\u00e9couvrira une autre approche de la chose bande dessin\u00e9e, ch\u00e8re \u00e0 ChiFouMi : faire <em>mieux<\/em> parce que faire <em>ensemble<\/em>. Et l&#8217;on creusera la richesse et les possibilit\u00e9s de la bande dessin\u00e9e, de mani\u00e8re ludique et stimulante. Et \u00e0 chaque atelier, on aura la chance d&#8217;avoir les conseils avis\u00e9s d&#8217;un.e professionnel.le (ou d&#8217;un.e vrai.e connaisseur\/connaisseuse !) pour nous accompagner, nous aiguiller, nous d\u00e9panner le cas \u00e9ch\u00e9ant, en plus de membres de l&#8217;association ChiFouMi pour accompagner le processus !<br> <br><strong>C&#8217;est quand ?<\/strong><br>Durant tout l&#8217;\u00e9t\u00e9 (ou presque), <strong>le mercredi de 14h \u00e0 17h30<\/strong> : plus pr\u00e9cis\u00e9ment <strong>les mercredis 29 juin ; les mercredis 13, 20 et 27 juillet ; les mercredis 3, 10, 17 et 31 ao\u00fbt 2022<\/strong>. Attention, chaque atelier n\u00e9cessite d&#8217;\u00eatre l\u00e0 <span style=\"text-decoration: underline;\">du d\u00e9but \u00e0 la fin<\/span> !<br><br><strong>Qui peut s&#8217;inscrire ?<\/strong><br>L&#8217;atelier est r\u00e9serv\u00e9 aux adultes, aux ados, <span style=\"text-decoration: underline;\">aux plus de douze ans<\/span>.<br><br><strong>Combien \u00e7a co\u00fbte ?<\/strong><br><span style=\"text-decoration: underline;\">Rien du tout<\/span>, mais il faut par contre s&#8217;inscrire en amont aupr\u00e8s des copines et des copains de la bib de Montrap&#8230; de la M\u00e9diath\u00e8que Pierre de Coubertin, 1 Place de Coubertin Montrapon Besan\u00e7on (03.81.87.82.13 | <a rel=\"noreferrer noopener\" href=\"mailto:bibliotheques@besancon.fr\" target=\"_blank\">bibliotheques@besancon.fr<\/a> ).<br>L&#8217;inscription\/r\u00e9servation est n\u00e9cessaire et indispensable, les places \u00e9tant limit\u00e9es !<br><br><em><strong>L\u2019\u00c9t\u00e9 culturel 2022<\/strong> est une manifestation \u00e0 l\u2019initiative du Minist\u00e8re de la culture et mise en \u0153uvre par la Direction r\u00e9gionale des affaires culturelles de Bourgogne-Franche-Comt\u00e9 et les op\u00e9rateurs nationaux.<\/em><\/p>\n\n\n\n<p><\/p>\n\n\n\n<p>Venir \u00e0 la M\u00e9diath\u00e8que Pierre de Coubertin pour faire des fanzines cet \u00e9t\u00e9 youpi :<\/p>\n\n\n\n<iframe src=\"https:\/\/www.google.com\/maps\/embed?pb=!1m18!1m12!1m3!1d2708.4300326627995!2d5.998134815670509!3d47.24729372072242!2m3!1f0!2f0!3f0!3m2!1i1024!2i768!4f13.1!3m3!1m2!1s0x478d63073e781599%3A0x72dfa9e5f40cb6b8!2sM%C3%A9diath%C3%A8que%20Pierre%20de%20Coubertin!5e0!3m2!1sfr!2sfr!4v1654291152457!5m2!1sfr!2sfr\" width=\"600\" height=\"450\" style=\"border:0;\" allowfullscreen=\"\" loading=\"lazy\" referrerpolicy=\"no-referrer-when-downgrade\"><\/iframe>\n","protected":false},"excerpt":{"rendered":"<p>L&#8217;\u00e9t\u00e9 dernier, dans le cadre de de L&#8217;\u00e9t\u00e9 Culturel 2021 (\u00e0 l&#8217;initiative du Minist\u00e8re de la Culture) et avec le soutien de la Direction R\u00e9gionale des Affaires Culturelles de Bourgogne-Franche-Comt\u00e9, la m\u00e9diath\u00e8que Pierre de Coubertin (la bib&#8217; de Montrapon, comme on dit dans le coin) nous avait gentiment ouvert ses portes afin de proposer des [&hellip;]<\/p>\n","protected":false},"author":4,"featured_media":9140,"comment_status":"open","ping_status":"closed","sticky":false,"template":"","format":"standard","meta":{"footnotes":""},"categories":[10],"tags":[],"class_list":["post-9138","post","type-post","status-publish","format-standard","has-post-thumbnail","hentry","category-lassociation-chifoumi"],"_links":{"self":[{"href":"https:\/\/www.pierrefeuilleciseaux.com\/en\/wp-json\/wp\/v2\/posts\/9138","targetHints":{"allow":["GET"]}}],"collection":[{"href":"https:\/\/www.pierrefeuilleciseaux.com\/en\/wp-json\/wp\/v2\/posts"}],"about":[{"href":"https:\/\/www.pierrefeuilleciseaux.com\/en\/wp-json\/wp\/v2\/types\/post"}],"author":[{"embeddable":true,"href":"https:\/\/www.pierrefeuilleciseaux.com\/en\/wp-json\/wp\/v2\/users\/4"}],"replies":[{"embeddable":true,"href":"https:\/\/www.pierrefeuilleciseaux.com\/en\/wp-json\/wp\/v2\/comments?post=9138"}],"version-history":[{"count":9,"href":"https:\/\/www.pierrefeuilleciseaux.com\/en\/wp-json\/wp\/v2\/posts\/9138\/revisions"}],"predecessor-version":[{"id":9167,"href":"https:\/\/www.pierrefeuilleciseaux.com\/en\/wp-json\/wp\/v2\/posts\/9138\/revisions\/9167"}],"wp:featuredmedia":[{"embeddable":true,"href":"https:\/\/www.pierrefeuilleciseaux.com\/en\/wp-json\/wp\/v2\/media\/9140"}],"wp:attachment":[{"href":"https:\/\/www.pierrefeuilleciseaux.com\/en\/wp-json\/wp\/v2\/media?parent=9138"}],"wp:term":[{"taxonomy":"category","embeddable":true,"href":"https:\/\/www.pierrefeuilleciseaux.com\/en\/wp-json\/wp\/v2\/categories?post=9138"},{"taxonomy":"post_tag","embeddable":true,"href":"https:\/\/www.pierrefeuilleciseaux.com\/en\/wp-json\/wp\/v2\/tags?post=9138"}],"curies":[{"name":"wp","href":"https:\/\/api.w.org\/{rel}","templated":true}]}}