{"id":7673,"date":"2018-08-21T13:56:39","date_gmt":"2018-08-21T11:56:39","guid":{"rendered":"http:\/\/www.pierrefeuilleciseaux.com\/?p=7673"},"modified":"2018-08-21T13:56:39","modified_gmt":"2018-08-21T11:56:39","slug":"cultures-maison-8-bruxelles-21-22-23-septembre-2018","status":"publish","type":"post","link":"https:\/\/www.pierrefeuilleciseaux.com\/en\/cultures-maison-8-bruxelles-21-22-23-septembre-2018\/","title":{"rendered":"Cultures Maison #8 &#8211; Brussels, 21\/22\/23 september 2018"},"content":{"rendered":"<p><img loading=\"lazy\" decoding=\"async\" class=\"aligncenter wp-image-7674\" src=\"http:\/\/www.pierrefeuilleciseaux.com\/wp-content\/uploads\/2018\/08\/cultures-maison-bruxelles-2018-visuel.jpg\" alt=\"cultures maison bruxelles 2018 visuel\" width=\"549\" height=\"750\" srcset=\"https:\/\/www.pierrefeuilleciseaux.com\/wp-content\/uploads\/2018\/08\/cultures-maison-bruxelles-2018-visuel.jpg 1050w, https:\/\/www.pierrefeuilleciseaux.com\/wp-content\/uploads\/2018\/08\/cultures-maison-bruxelles-2018-visuel-220x300.jpg 220w, https:\/\/www.pierrefeuilleciseaux.com\/wp-content\/uploads\/2018\/08\/cultures-maison-bruxelles-2018-visuel-768x1050.jpg 768w, https:\/\/www.pierrefeuilleciseaux.com\/wp-content\/uploads\/2018\/08\/cultures-maison-bruxelles-2018-visuel-749x1024.jpg 749w\" sizes=\"auto, (max-width: 549px) 100vw, 549px\" \/><br \/>\n<em>Plenty of meetings, publishers, exhbitions, talks, concerts and so during the soon-to-come Cultures Maison festival ! For the 8th time, let&#8217;s go to Brussels, Belgium and among the tons of people to check, books to discover, rendez-vous to follow, please check the &#8220;Indie Americans&#8221; show, courtesy of both publishers L&#8217;Employ\u00e9 du Moi and \u00c7a et L\u00e0.<br \/>\n<a href=\"http:\/\/culturesmaison.be\/en\">Every details here on Cultures Maison website<\/a>.<br \/>\n<\/em><\/p>","protected":false},"excerpt":{"rendered":"<p>Plenty of meetings, publishers, exhbitions, talks, concerts and so during the soon-to-come Cultures Maison festival ! For the 8th time, let&#8217;s go to Brussels, Belgium and among the tons of people to check, books to discover, rendez-vous to follow, please check the &#8220;Indie Americans&#8221; show, courtesy of both publishers L&#8217;Employ\u00e9 du Moi and \u00c7a et [&hellip;]<\/p>\n","protected":false},"author":4,"featured_media":0,"comment_status":"open","ping_status":"closed","sticky":false,"template":"","format":"standard","meta":{"footnotes":""},"categories":[10],"tags":[],"class_list":["post-7673","post","type-post","status-publish","format-standard","hentry","category-lassociation-chifoumi"],"_links":{"self":[{"href":"https:\/\/www.pierrefeuilleciseaux.com\/en\/wp-json\/wp\/v2\/posts\/7673","targetHints":{"allow":["GET"]}}],"collection":[{"href":"https:\/\/www.pierrefeuilleciseaux.com\/en\/wp-json\/wp\/v2\/posts"}],"about":[{"href":"https:\/\/www.pierrefeuilleciseaux.com\/en\/wp-json\/wp\/v2\/types\/post"}],"author":[{"embeddable":true,"href":"https:\/\/www.pierrefeuilleciseaux.com\/en\/wp-json\/wp\/v2\/users\/4"}],"replies":[{"embeddable":true,"href":"https:\/\/www.pierrefeuilleciseaux.com\/en\/wp-json\/wp\/v2\/comments?post=7673"}],"version-history":[{"count":1,"href":"https:\/\/www.pierrefeuilleciseaux.com\/en\/wp-json\/wp\/v2\/posts\/7673\/revisions"}],"predecessor-version":[{"id":7675,"href":"https:\/\/www.pierrefeuilleciseaux.com\/en\/wp-json\/wp\/v2\/posts\/7673\/revisions\/7675"}],"wp:attachment":[{"href":"https:\/\/www.pierrefeuilleciseaux.com\/en\/wp-json\/wp\/v2\/media?parent=7673"}],"wp:term":[{"taxonomy":"category","embeddable":true,"href":"https:\/\/www.pierrefeuilleciseaux.com\/en\/wp-json\/wp\/v2\/categories?post=7673"},{"taxonomy":"post_tag","embeddable":true,"href":"https:\/\/www.pierrefeuilleciseaux.com\/en\/wp-json\/wp\/v2\/tags?post=7673"}],"curies":[{"name":"wp","href":"https:\/\/api.w.org\/{rel}","templated":true}]}}