{"id":7251,"date":"2016-06-01T15:22:45","date_gmt":"2016-06-01T13:22:45","guid":{"rendered":"http:\/\/www.pierrefeuilleciseaux.com\/?p=7251"},"modified":"2016-06-08T12:07:48","modified_gmt":"2016-06-08T10:07:48","slug":"speleographie-le-labo-seconde-journee","status":"publish","type":"post","link":"https:\/\/www.pierrefeuilleciseaux.com\/en\/speleographie-le-labo-seconde-journee\/","title":{"rendered":"Sp\u00e9l\u00e9ographies : the Lab, day 2"},"content":{"rendered":"<p>The Sp\u00e9l\u00e9ographies Lab is slowly happening :<\/p>\n<figure id=\"attachment_7267\" aria-describedby=\"caption-attachment-7267\" class=\"wp-caption aligncenter\"><img loading=\"lazy\" decoding=\"async\" class=\"wp-image-7267 size-full\" src=\"http:\/\/www.pierrefeuilleciseaux.com\/wp-content\/uploads\/2016\/06\/P1040507.jpg\" alt=\"Sp\u00e9l\u00e9ographies 2016 : la petite librairie.\" width=\"794\" height=\"596\" srcset=\"https:\/\/www.pierrefeuilleciseaux.com\/wp-content\/uploads\/2016\/06\/P1040507.jpg 794w, https:\/\/www.pierrefeuilleciseaux.com\/wp-content\/uploads\/2016\/06\/P1040507-300x225.jpg 300w, https:\/\/www.pierrefeuilleciseaux.com\/wp-content\/uploads\/2016\/06\/P1040507-768x576.jpg 768w\" sizes=\"auto, (max-width: 794px) 100vw, 794px\" \/><figcaption id=\"caption-attachment-7267\" class=\"wp-caption-text\">La petite librairie.<\/figcaption><\/figure>\n<figure id=\"attachment_7268\" aria-describedby=\"caption-attachment-7268\" class=\"wp-caption aligncenter\"><img loading=\"lazy\" decoding=\"async\" class=\"wp-image-7268 size-full\" src=\"http:\/\/www.pierrefeuilleciseaux.com\/wp-content\/uploads\/2016\/06\/P1040511.jpg\" alt=\"Sp\u00e9l\u00e9ographies 2016 : le mat\u00e9riel de Julie Doucet.\" width=\"794\" height=\"596\" srcset=\"https:\/\/www.pierrefeuilleciseaux.com\/wp-content\/uploads\/2016\/06\/P1040511.jpg 794w, https:\/\/www.pierrefeuilleciseaux.com\/wp-content\/uploads\/2016\/06\/P1040511-300x225.jpg 300w, https:\/\/www.pierrefeuilleciseaux.com\/wp-content\/uploads\/2016\/06\/P1040511-768x576.jpg 768w\" sizes=\"auto, (max-width: 794px) 100vw, 794px\" \/><figcaption id=\"caption-attachment-7268\" class=\"wp-caption-text\">Le mat\u00e9riel de Julie Doucet.<\/figcaption><\/figure>\n<figure id=\"attachment_7266\" aria-describedby=\"caption-attachment-7266\" class=\"wp-caption aligncenter\"><img loading=\"lazy\" decoding=\"async\" class=\"wp-image-7266 size-full\" src=\"http:\/\/www.pierrefeuilleciseaux.com\/wp-content\/uploads\/2016\/06\/P1040506.jpg\" alt=\"Sp\u00e9l\u00e9ographies 2016 : la petite librairie.\" width=\"794\" height=\"1059\" srcset=\"https:\/\/www.pierrefeuilleciseaux.com\/wp-content\/uploads\/2016\/06\/P1040506.jpg 794w, https:\/\/www.pierrefeuilleciseaux.com\/wp-content\/uploads\/2016\/06\/P1040506-225x300.jpg 225w, https:\/\/www.pierrefeuilleciseaux.com\/wp-content\/uploads\/2016\/06\/P1040506-768x1024.jpg 768w\" sizes=\"auto, (max-width: 794px) 100vw, 794px\" \/><figcaption id=\"caption-attachment-7266\" class=\"wp-caption-text\">Encore la petite librairie.<\/figcaption><\/figure>\n<figure id=\"attachment_7265\" aria-describedby=\"caption-attachment-7265\" class=\"wp-caption aligncenter\"><img loading=\"lazy\" decoding=\"async\" class=\"wp-image-7265 size-full\" src=\"http:\/\/www.pierrefeuilleciseaux.com\/wp-content\/uploads\/2016\/06\/DSCN1722.jpg\" alt=\"Sp\u00e9l\u00e9ographies 2016 : le vernissage de l'expo de Julie Doucet et Pascal Leyder.\" width=\"794\" height=\"596\" srcset=\"https:\/\/www.pierrefeuilleciseaux.com\/wp-content\/uploads\/2016\/06\/DSCN1722.jpg 794w, https:\/\/www.pierrefeuilleciseaux.com\/wp-content\/uploads\/2016\/06\/DSCN1722-300x225.jpg 300w, https:\/\/www.pierrefeuilleciseaux.com\/wp-content\/uploads\/2016\/06\/DSCN1722-768x576.jpg 768w\" sizes=\"auto, (max-width: 794px) 100vw, 794px\" \/><figcaption id=\"caption-attachment-7265\" class=\"wp-caption-text\">Le vernissage de l&#8217;expo de Julie Doucet et Pascal Leyder.<\/figcaption><\/figure>\n<figure id=\"attachment_7264\" aria-describedby=\"caption-attachment-7264\" class=\"wp-caption aligncenter\"><img loading=\"lazy\" decoding=\"async\" class=\"wp-image-7264\" src=\"http:\/\/www.pierrefeuilleciseaux.com\/wp-content\/uploads\/2016\/06\/DSCN1714.jpg\" alt=\"Sp\u00e9l\u00e9ographies 2016 : quelques dessins en rapport avec une certaine actualit\u00e9.\" width=\"400\" height=\"328\" srcset=\"https:\/\/www.pierrefeuilleciseaux.com\/wp-content\/uploads\/2016\/06\/DSCN1714.jpg 794w, https:\/\/www.pierrefeuilleciseaux.com\/wp-content\/uploads\/2016\/06\/DSCN1714-300x246.jpg 300w, https:\/\/www.pierrefeuilleciseaux.com\/wp-content\/uploads\/2016\/06\/DSCN1714-768x630.jpg 768w\" sizes=\"auto, (max-width: 400px) 100vw, 400px\" \/><figcaption id=\"caption-attachment-7264\" class=\"wp-caption-text\">Quelques dessins en rapport avec une certaine actualit\u00e9, partie 1.<\/figcaption><\/figure>\n<figure id=\"attachment_7263\" aria-describedby=\"caption-attachment-7263\" class=\"wp-caption aligncenter\"><img loading=\"lazy\" decoding=\"async\" class=\"wp-image-7263\" src=\"http:\/\/www.pierrefeuilleciseaux.com\/wp-content\/uploads\/2016\/06\/DSCN1704-300x163.jpg\" alt=\"Sp\u00e9l\u00e9ographies 2016 : quelques dessins en rapport avec une certaine actualit\u00e9, 2\" width=\"401\" height=\"218\" srcset=\"https:\/\/www.pierrefeuilleciseaux.com\/wp-content\/uploads\/2016\/06\/DSCN1704-300x163.jpg 300w, https:\/\/www.pierrefeuilleciseaux.com\/wp-content\/uploads\/2016\/06\/DSCN1704-768x418.jpg 768w, https:\/\/www.pierrefeuilleciseaux.com\/wp-content\/uploads\/2016\/06\/DSCN1704.jpg 794w\" sizes=\"auto, (max-width: 401px) 100vw, 401px\" \/><figcaption id=\"caption-attachment-7263\" class=\"wp-caption-text\">Quelques dessins en rapport avec une certaine actualit\u00e9, partie 2.<\/figcaption><\/figure>\n<figure id=\"attachment_7262\" aria-describedby=\"caption-attachment-7262\" class=\"wp-caption aligncenter\"><img loading=\"lazy\" decoding=\"async\" class=\"wp-image-7262\" src=\"http:\/\/www.pierrefeuilleciseaux.com\/wp-content\/uploads\/2016\/06\/DSCN1702-285x300.jpg\" alt=\"Sp\u00e9l\u00e9ographies 2016 : quelques dessins en rapport avec une certaine actualit\u00e9, 3\" width=\"400\" height=\"421\" srcset=\"https:\/\/www.pierrefeuilleciseaux.com\/wp-content\/uploads\/2016\/06\/DSCN1702-285x300.jpg 285w, https:\/\/www.pierrefeuilleciseaux.com\/wp-content\/uploads\/2016\/06\/DSCN1702-768x808.jpg 768w, https:\/\/www.pierrefeuilleciseaux.com\/wp-content\/uploads\/2016\/06\/DSCN1702.jpg 794w\" sizes=\"auto, (max-width: 400px) 100vw, 400px\" \/><figcaption id=\"caption-attachment-7262\" class=\"wp-caption-text\">Quelques dessins en rapport avec une certaine actualit\u00e9, partie 3.<\/figcaption><\/figure>\n<p>More soon !<\/p>","protected":false},"excerpt":{"rendered":"<p>The Sp\u00e9l\u00e9ographies Lab is slowly happening : More soon !<\/p>\n","protected":false},"author":4,"featured_media":0,"comment_status":"open","ping_status":"closed","sticky":false,"template":"","format":"standard","meta":{"footnotes":""},"categories":[91],"tags":[],"class_list":["post-7251","post","type-post","status-publish","format-standard","hentry","category-2016-speleographies-rennes"],"_links":{"self":[{"href":"https:\/\/www.pierrefeuilleciseaux.com\/en\/wp-json\/wp\/v2\/posts\/7251","targetHints":{"allow":["GET"]}}],"collection":[{"href":"https:\/\/www.pierrefeuilleciseaux.com\/en\/wp-json\/wp\/v2\/posts"}],"about":[{"href":"https:\/\/www.pierrefeuilleciseaux.com\/en\/wp-json\/wp\/v2\/types\/post"}],"author":[{"embeddable":true,"href":"https:\/\/www.pierrefeuilleciseaux.com\/en\/wp-json\/wp\/v2\/users\/4"}],"replies":[{"embeddable":true,"href":"https:\/\/www.pierrefeuilleciseaux.com\/en\/wp-json\/wp\/v2\/comments?post=7251"}],"version-history":[{"count":2,"href":"https:\/\/www.pierrefeuilleciseaux.com\/en\/wp-json\/wp\/v2\/posts\/7251\/revisions"}],"predecessor-version":[{"id":7314,"href":"https:\/\/www.pierrefeuilleciseaux.com\/en\/wp-json\/wp\/v2\/posts\/7251\/revisions\/7314"}],"wp:attachment":[{"href":"https:\/\/www.pierrefeuilleciseaux.com\/en\/wp-json\/wp\/v2\/media?parent=7251"}],"wp:term":[{"taxonomy":"category","embeddable":true,"href":"https:\/\/www.pierrefeuilleciseaux.com\/en\/wp-json\/wp\/v2\/categories?post=7251"},{"taxonomy":"post_tag","embeddable":true,"href":"https:\/\/www.pierrefeuilleciseaux.com\/en\/wp-json\/wp\/v2\/tags?post=7251"}],"curies":[{"name":"wp","href":"https:\/\/api.w.org\/{rel}","templated":true}]}}