{"id":6199,"date":"2015-04-04T14:44:08","date_gmt":"2015-04-04T12:44:08","guid":{"rendered":"http:\/\/www.pierrefeuilleciseaux.com\/?p=6199"},"modified":"2015-12-27T12:45:10","modified_gmt":"2015-12-27T11:45:10","slug":"18eme-festival-des-litteratures-policieres-noires-et-sociales-pas-serial-sabstenir-2015","status":"publish","type":"post","link":"https:\/\/www.pierrefeuilleciseaux.com\/en\/18eme-festival-des-litteratures-policieres-noires-et-sociales-pas-serial-sabstenir-2015\/","title":{"rendered":"18\u00e8me festival des litt\u00e9ratures polici\u00e8res noires et sociales \/ Pas S\u00e9rial S\u2019Abstenir 2015"},"content":{"rendered":"<p>Small minicomics DIY factory with Berth, Alex Baladi, Nicolas Moog and Renaud Thomas, in Besan\u00e7on, next month !<!--more--><\/p>\n<p><a href=\"http:\/\/www.pierrefeuilleciseaux.com\/wp-content\/uploads\/2015\/04\/11072879_963210923692052_1103345172_o.jpg\"><img loading=\"lazy\" decoding=\"async\" class=\"aligncenter wp-image-6213 \" src=\"http:\/\/www.pierrefeuilleciseaux.com\/wp-content\/uploads\/2015\/04\/11072879_963210923692052_1103345172_o-724x1024.jpg\" alt=\"T. Chapelain pour Pas Serial S'Abstenir 2015.\" width=\"515\" height=\"728\" srcset=\"https:\/\/www.pierrefeuilleciseaux.com\/wp-content\/uploads\/2015\/04\/11072879_963210923692052_1103345172_o-724x1024.jpg 724w, https:\/\/www.pierrefeuilleciseaux.com\/wp-content\/uploads\/2015\/04\/11072879_963210923692052_1103345172_o-212x300.jpg 212w, https:\/\/www.pierrefeuilleciseaux.com\/wp-content\/uploads\/2015\/04\/11072879_963210923692052_1103345172_o.jpg 1448w\" sizes=\"auto, (max-width: 515px) 100vw, 515px\" \/><\/a><\/p>\n<p>&nbsp;<\/p>","protected":false},"excerpt":{"rendered":"<p>Sorry, this entry is only available in Fran\u00e7ais.<\/p>\n","protected":false},"author":4,"featured_media":0,"comment_status":"open","ping_status":"closed","sticky":false,"template":"","format":"standard","meta":{"footnotes":""},"categories":[10],"tags":[78,26,85,86],"class_list":["post-6199","post","type-post","status-publish","format-standard","hentry","category-lassociation-chifoumi","tag-78","tag-besancon","tag-pas-serial","tag-polar"],"_links":{"self":[{"href":"https:\/\/www.pierrefeuilleciseaux.com\/en\/wp-json\/wp\/v2\/posts\/6199","targetHints":{"allow":["GET"]}}],"collection":[{"href":"https:\/\/www.pierrefeuilleciseaux.com\/en\/wp-json\/wp\/v2\/posts"}],"about":[{"href":"https:\/\/www.pierrefeuilleciseaux.com\/en\/wp-json\/wp\/v2\/types\/post"}],"author":[{"embeddable":true,"href":"https:\/\/www.pierrefeuilleciseaux.com\/en\/wp-json\/wp\/v2\/users\/4"}],"replies":[{"embeddable":true,"href":"https:\/\/www.pierrefeuilleciseaux.com\/en\/wp-json\/wp\/v2\/comments?post=6199"}],"version-history":[{"count":10,"href":"https:\/\/www.pierrefeuilleciseaux.com\/en\/wp-json\/wp\/v2\/posts\/6199\/revisions"}],"predecessor-version":[{"id":7075,"href":"https:\/\/www.pierrefeuilleciseaux.com\/en\/wp-json\/wp\/v2\/posts\/6199\/revisions\/7075"}],"wp:attachment":[{"href":"https:\/\/www.pierrefeuilleciseaux.com\/en\/wp-json\/wp\/v2\/media?parent=6199"}],"wp:term":[{"taxonomy":"category","embeddable":true,"href":"https:\/\/www.pierrefeuilleciseaux.com\/en\/wp-json\/wp\/v2\/categories?post=6199"},{"taxonomy":"post_tag","embeddable":true,"href":"https:\/\/www.pierrefeuilleciseaux.com\/en\/wp-json\/wp\/v2\/tags?post=6199"}],"curies":[{"name":"wp","href":"https:\/\/api.w.org\/{rel}","templated":true}]}}